{"id":49,"date":"2023-07-25T14:42:10","date_gmt":"2023-07-25T13:42:10","guid":{"rendered":"https:\/\/leyderotuladoenargentina.com\/?p=49"},"modified":"2023-07-25T14:42:10","modified_gmt":"2023-07-25T13:42:10","slug":"la-lucha-por-la-implementacion-del-etiquetado-frontal-en-america-latina-un-paso-hacia-la-salud-y-el-bienestar","status":"publish","type":"post","link":"https:\/\/leyderotuladoenargentina.com\/index.php\/2023\/07\/25\/la-lucha-por-la-implementacion-del-etiquetado-frontal-en-america-latina-un-paso-hacia-la-salud-y-el-bienestar\/","title":{"rendered":"La lucha por la implementaci\u00f3n del etiquetado frontal en Am\u00e9rica Latina: un paso hacia la salud y el bienestar"},"content":{"rendered":"\n<h2 class=\"wp-block-heading\">Descubre c\u00f3mo la lucha por la implementaci\u00f3n del etiquetado frontal en Am\u00e9rica Latina impulsa una alimentaci\u00f3n m\u00e1s saludable y consciente.\u00a0<\/h2>\n\n\n\n<figure class=\"wp-block-image size-large\"><img decoding=\"async\" loading=\"lazy\" width=\"1024\" height=\"588\" src=\"https:\/\/leyderotuladoenargentina.com\/wp-content\/uploads\/2023\/07\/caja-seleccion-mujer-bonita-estante-1024x588.jpg\" alt=\"\" class=\"wp-image-50\" srcset=\"https:\/\/leyderotuladoenargentina.com\/wp-content\/uploads\/2023\/07\/caja-seleccion-mujer-bonita-estante-1024x588.jpg 1024w, https:\/\/leyderotuladoenargentina.com\/wp-content\/uploads\/2023\/07\/caja-seleccion-mujer-bonita-estante-300x172.jpg 300w, https:\/\/leyderotuladoenargentina.com\/wp-content\/uploads\/2023\/07\/caja-seleccion-mujer-bonita-estante-768x441.jpg 768w, https:\/\/leyderotuladoenargentina.com\/wp-content\/uploads\/2023\/07\/caja-seleccion-mujer-bonita-estante-1536x882.jpg 1536w, https:\/\/leyderotuladoenargentina.com\/wp-content\/uploads\/2023\/07\/caja-seleccion-mujer-bonita-estante-2048x1176.jpg 2048w\" sizes=\"(max-width: 1024px) 100vw, 1024px\" \/><figcaption class=\"wp-element-caption\">Pretty woman picking box in shelf in supermarket<\/figcaption><\/figure>\n\n\n\n<p>A trav\u00e9s de informaci\u00f3n clara y visible en los productos se busca empoderar a los consumidores y promover decisiones informadas.<\/p>\n\n\n\n<p>\u00a1Un paso valiente hacia un futuro donde la salud y el bienestar sean prioridades fundamentales!<\/p>\n\n\n\n<h2 class=\"wp-block-heading\"><strong>Latinoam\u00e9rica y etiquetado frontal<\/strong><\/h2>\n\n\n\n<p>En el continente latinoamericano, la implementaci\u00f3n del etiquetado frontal se ha convertido en un tema candente en la b\u00fasqueda de promover h\u00e1bitos alimentarios m\u00e1s saludables.&nbsp;<\/p>\n\n\n\n<p>Varios pa\u00edses de la regi\u00f3n est\u00e1n impulsando iniciativas para adoptar este sistema de etiquetado como una medida para combatir la obesidad y mejorar la salud p\u00fablica.<\/p>\n\n\n\n<p>En esta nota, exploramos la lucha por la implementaci\u00f3n del etiquetado frontal en otros pa\u00edses de Am\u00e9rica Latina y su impacto en la toma de decisiones de los consumidores.<\/p>\n\n\n\n<p>Chile ha sido pionero en esta batalla al implementar el sistema de etiquetado frontal de advertencia en 2016.&nbsp;<\/p>\n\n\n\n<p>Este sistema utiliza oct\u00e1gonos negros con informaci\u00f3n clara sobre el contenido de az\u00facares, sodio, grasas saturadas y calor\u00edas, alertando a los consumidores sobre los productos con altos niveles de estos nutrientes.&nbsp;<\/p>\n\n\n\n<p>Los resultados han sido alentadores, y otros pa\u00edses de la regi\u00f3n, como Per\u00fa y Uruguay, han seguido su ejemplo al implementar sistemas similares.<\/p>\n\n\n\n<p>Sin embargo, la lucha por la implementaci\u00f3n del etiquetado frontal en otros pa\u00edses de Am\u00e9rica Latina no ha estado exenta de desaf\u00edos.<\/p>\n\n\n\n<p>La resistencia de la industria alimentaria, las presiones comerciales y los intereses pol\u00edticos han generado un debate acalorado en torno a esta medida.<\/p>\n\n\n\n<p>Algunos argumentan que estas regulaciones pueden afectar la libre competencia y obstaculizar el crecimiento econ\u00f3mico, mientras que otros consideran que es una herramienta necesaria para combatir la creciente epidemia de obesidad y promover una alimentaci\u00f3n m\u00e1s saludable.<\/p>\n\n\n\n<p>A pesar de las controversias, varios pa\u00edses de Am\u00e9rica Latina han avanzado en la implementaci\u00f3n del etiquetado frontal.&nbsp;<\/p>\n\n\n\n<p>M\u00e9xico, por ejemplo, ha aprobado recientemente una ley para adoptar el etiquetado frontal de advertencia, con oct\u00e1gonos negros y advertencias claras sobre el contenido de az\u00facares a\u00f1adidos, grasas saturadas, sodio y calor\u00edas en los alimentos y bebidas. Esta medida busca informar a los consumidores sobre las opciones menos saludables y promover elecciones m\u00e1s conscientes.<\/p>\n\n\n\n<p>La implementaci\u00f3n del etiquetado frontal no solo busca brindar informaci\u00f3n clara a los consumidores, sino tambi\u00e9n generar un cambio en la industria alimentaria.<\/p>\n\n\n\n<p>Al exigir una mayor responsabilidad y transparencia en la composici\u00f3n de los productos, se espera que las empresas reformulen sus recetas y reduzcan los niveles de nutrientes poco saludables en sus productos.<\/p>\n\n\n\n<p>Adem\u00e1s, esta medida tambi\u00e9n busca fomentar la innovaci\u00f3n en la creaci\u00f3n de alimentos m\u00e1s saludables y promover la competencia en el mercado.<\/p>\n\n\n\n<p>De esta forma, la lucha por la implementaci\u00f3n del etiquetado frontal en otros pa\u00edses de Am\u00e9rica Latina es un paso importante hacia la promoci\u00f3n de una alimentaci\u00f3n m\u00e1s saludable y el combate contra la obesidad.&nbsp;<\/p>\n\n\n\n<p>A pesar de los desaf\u00edos y controversias, cada vez m\u00e1s pa\u00edses de la regi\u00f3n reconocen la importancia de brindar informaci\u00f3n clara y accesible a los consumidores.<\/p>\n\n\n\n<p>Este movimiento busca empoderar a los consumidores, promover decisiones conscientes y generar un cambio en la industria alimentaria hacia opciones m\u00e1s saludables. La implementaci\u00f3n del etiquetado frontal no solo es un s\u00edmbolo de progreso, sino tambi\u00e9n un compromiso con la&nbsp; mejora de la salud y el bienestar de la poblaci\u00f3n.<\/p>\n\n\n\n<p>A medida que m\u00e1s pa\u00edses de Am\u00e9rica Latina se suman a esta lucha por la implementaci\u00f3n del etiquetado frontal, se espera que la conciencia sobre los riesgos asociados con una mala alimentaci\u00f3n aumente y que los consumidores puedan tomar decisiones m\u00e1s informadas y saludables.<\/p>\n\n\n\n<p>Sin embargo, es importante recordar que el etiquetado frontal no es una soluci\u00f3n \u00fanica. Es necesario que vaya acompa\u00f1ado de programas educativos y campa\u00f1as de concientizaci\u00f3n sobre la importancia de una dieta equilibrada y h\u00e1bitos de vida saludables.&nbsp;<\/p>\n\n\n\n<p>Adem\u00e1s, se requiere un compromiso continuo por parte de los gobiernos, la industria alimentaria y la sociedad en su conjunto para promover cambios significativos en la cultura alimentaria.<\/p>\n\n\n\n<p>La lucha por la implementaci\u00f3n del etiquetado frontal en otros pa\u00edses de Am\u00e9rica Latina es un paso valiente hacia un futuro m\u00e1s saludable y consciente.<\/p>\n\n\n\n<p>Al proporcionar informaci\u00f3n clara y visible en los productos alimentarios, se busca empoderar a los consumidores y promover elecciones informadas.<\/p>\n\n\n\n<p>Con la colaboraci\u00f3n de todos los actores involucrados, podemos trabajar juntos para construir una sociedad m\u00e1s saludable y fomentar cambios positivos en la industria alimentaria.<\/p>\n\n\n\n<p>La implementaci\u00f3n del etiquetado frontal es un camino hacia un estilo de vida m\u00e1s saludable y un futuro donde la salud y el bienestar sean prioridades fundamentales.<\/p>\n","protected":false},"excerpt":{"rendered":"<p>Descubre c\u00f3mo la lucha por la implementaci\u00f3n del etiquetado frontal en Am\u00e9rica Latina impulsa una [&hellip;]<\/p>\n","protected":false},"author":2,"featured_media":0,"comment_status":"open","ping_status":"open","sticky":false,"template":"","format":"standard","meta":{"_mi_skip_tracking":false},"categories":[1],"tags":[4,5,10,9,12,3,6,8,11,7],"aioseo_notices":[],"_links":{"self":[{"href":"https:\/\/leyderotuladoenargentina.com\/index.php\/wp-json\/wp\/v2\/posts\/49"}],"collection":[{"href":"https:\/\/leyderotuladoenargentina.com\/index.php\/wp-json\/wp\/v2\/posts"}],"about":[{"href":"https:\/\/leyderotuladoenargentina.com\/index.php\/wp-json\/wp\/v2\/types\/post"}],"author":[{"embeddable":true,"href":"https:\/\/leyderotuladoenargentina.com\/index.php\/wp-json\/wp\/v2\/users\/2"}],"replies":[{"embeddable":true,"href":"https:\/\/leyderotuladoenargentina.com\/index.php\/wp-json\/wp\/v2\/comments?post=49"}],"version-history":[{"count":1,"href":"https:\/\/leyderotuladoenargentina.com\/index.php\/wp-json\/wp\/v2\/posts\/49\/revisions"}],"predecessor-version":[{"id":51,"href":"https:\/\/leyderotuladoenargentina.com\/index.php\/wp-json\/wp\/v2\/posts\/49\/revisions\/51"}],"wp:attachment":[{"href":"https:\/\/leyderotuladoenargentina.com\/index.php\/wp-json\/wp\/v2\/media?parent=49"}],"wp:term":[{"taxonomy":"category","embeddable":true,"href":"https:\/\/leyderotuladoenargentina.com\/index.php\/wp-json\/wp\/v2\/categories?post=49"},{"taxonomy":"post_tag","embeddable":true,"href":"https:\/\/leyderotuladoenargentina.com\/index.php\/wp-json\/wp\/v2\/tags?post=49"}],"curies":[{"name":"wp","href":"https:\/\/api.w.org\/{rel}","templated":true}]}}